{"id":1106,"date":"2020-12-06T15:13:23","date_gmt":"2020-12-06T14:13:23","guid":{"rendered":"https:\/\/www.maison-aubepine.fr\/?p=1106"},"modified":"2020-12-06T15:21:43","modified_gmt":"2020-12-06T14:21:43","slug":"confinement-2-plats-traiteur-a-emporter-en-decembre","status":"publish","type":"post","link":"https:\/\/www.maison-aubepine.fr\/index.php\/2020\/12\/06\/confinement-2-plats-traiteur-a-emporter-en-decembre\/","title":{"rendered":"Confinement #2 &#8211; Plats traiteur \u00e0 emporter en d\u00e9cembre"},"content":{"rendered":"\t\t<div data-elementor-type=\"wp-post\" data-elementor-id=\"1106\" class=\"elementor elementor-1106\">\n\t\t\t\t\t\t<section class=\"elementor-section elementor-top-section elementor-element elementor-element-d2e3ded elementor-section-boxed elementor-section-height-default elementor-section-height-default\" data-id=\"d2e3ded\" data-element_type=\"section\" data-e-type=\"section\">\n\t\t\t\t\t\t<div class=\"elementor-container elementor-column-gap-default\">\n\t\t\t\t\t<div class=\"elementor-column elementor-col-100 elementor-top-column elementor-element elementor-element-8bfbdf8\" data-id=\"8bfbdf8\" data-element_type=\"column\" data-e-type=\"column\">\n\t\t\t<div class=\"elementor-widget-wrap elementor-element-populated\">\n\t\t\t\t\t\t<div class=\"elementor-element elementor-element-6418507 elementor-widget elementor-widget-text-editor\" data-id=\"6418507\" data-element_type=\"widget\" data-e-type=\"widget\" data-widget_type=\"text-editor.default\">\n\t\t\t\t<div class=\"elementor-widget-container\">\n\t\t\t\t\t\t\t\t\t<p>Nous continuons en d\u00e9cembre \u00e0 vous proposer notre menu week-end \u00e0 emporter. On garde les m\u00eames habitudes, du local, du bio, des produits fermiers et vous pouvez m\u00eame venir avec vos contenants pour limiter les d\u00e9chets !<\/p><p><strong>Vendredi 11 et samedi 12 d\u00e9cembre &#8211; Menu<\/strong> <strong>Street Food \/\/ Menu 20\u20ac<\/strong><\/p><ul><li style=\"list-style-type: none;\"><ul><li>Houmous de potiron, blinis \/\/ 4,50\u20ac<\/li><li>Hot Dog et coleslaw \/\/ 11\u20ac<\/li><li>Boulette porc-b\u0153uf-maroilles, potatoes \/\/ 11\u20ac<\/li><li>Cookie g\u00e9ant 180g \/\/ 4,50\u20ac<\/li><\/ul><\/li><\/ul><p><strong>Vendredi 18 et samedi 19 d\u00e9cembre &#8211; Menu Bistrot \/\/ Menu 20\u20ac<\/strong><\/p><ul><li style=\"list-style-type: none;\"><ul><li>Mini-pain farci \/\/ 4,50\u20ac<\/li><li>B\u0153uf Bourguinon \/\/ 11\u20ac<\/li><li>Tartelette choco-banane \/\/ 4,50\u20ac<\/li><\/ul><\/li><\/ul><p><strong>Mercredi 30 et jeudi 31 d\u00e9cembre &#8211; Menu Nouvel an \/\/ Menu 30\u20ac<\/strong><\/p><ul><li style=\"list-style-type: none;\"><ul><li>Gravlax de maquereau, houmous de betterave rouge \/\/ 6\u20ac<\/li><li>Pintade \u00e0 la cr\u00e8me, pur\u00e9e de l\u00e9gume et pommes po\u00eal\u00e9es \/\/ 14\u20ac<\/li><li>\u00ab Blondinet \u00bb de Cartignies aux fruits sec ou \u00e0 la bi\u00e8re \/\/ 4\u20ac (fromage)<\/li><li>Cannoli mascarpone \u2013 citron \/\/ 6\u20ac<\/li><\/ul><\/li><\/ul><div>\u00a0<\/div><div><strong>Quantit\u00e9 limit\u00e9, r\u00e9servation au 03 27 66 24 23 (n\u2019h\u00e9sitez pas \u00e0 laisser un message en cas d\u2019absence) ou par mail contact@maison-aubepine.fr jusqu\u2019\u00e0 jeudi 12 novembre 20h.<\/strong><br \/><br \/><\/div><div>Venez retirer votre commande dans le respect des gestes barri\u00e8res le :<\/div><ul><li>vendredi entre 17h30 et 19h30<\/li><li>samedi entre 13h30 et 14h30<\/li><li>samedi entre 17h30 et 19h30<\/li><\/ul><div>Dans notre d\u00e9marche de r\u00e9duction des d\u00e9chets, nous vous proposons de venir retirer votre commande avec vos contenants et sac !<\/div>\t\t\t\t\t\t\t\t<\/div>\n\t\t\t\t<\/div>\n\t\t\t\t\t<\/div>\n\t\t<\/div>\n\t\t\t\t\t<\/div>\n\t\t<\/section>\n\t\t\t\t<\/div>\n\t\t","protected":false},"excerpt":{"rendered":"<p>Nous continuons en d\u00e9cembre \u00e0 vous proposer notre menu week-end \u00e0 emporter. On garde les m\u00eames habitudes, du local, du bio, des produits fermiers et vous pouvez m\u00eame venir avec vos contenants pour limiter les d\u00e9chets ! Vendredi 11 et samedi 12 d\u00e9cembre &#8211; Menu Street Food \/\/ Menu 20\u20ac Houmous de potiron, blinis \/\/ [&hellip;]<\/p>\n","protected":false},"author":2,"featured_media":1006,"comment_status":"closed","ping_status":"open","sticky":false,"template":"","format":"standard","meta":{"ocean_post_layout":"","ocean_both_sidebars_style":"","ocean_both_sidebars_content_width":0,"ocean_both_sidebars_sidebars_width":0,"ocean_sidebar":"0","ocean_second_sidebar":"0","ocean_disable_margins":"enable","ocean_add_body_class":"","ocean_shortcode_before_top_bar":"","ocean_shortcode_after_top_bar":"","ocean_shortcode_before_header":"","ocean_shortcode_after_header":"","ocean_has_shortcode":"","ocean_shortcode_after_title":"","ocean_shortcode_before_footer_widgets":"","ocean_shortcode_after_footer_widgets":"","ocean_shortcode_before_footer_bottom":"","ocean_shortcode_after_footer_bottom":"","ocean_display_top_bar":"default","ocean_display_header":"default","ocean_header_style":"","ocean_center_header_left_menu":"0","ocean_custom_header_template":"0","ocean_custom_logo":0,"ocean_custom_retina_logo":0,"ocean_custom_logo_max_width":0,"ocean_custom_logo_tablet_max_width":0,"ocean_custom_logo_mobile_max_width":0,"ocean_custom_logo_max_height":0,"ocean_custom_logo_tablet_max_height":0,"ocean_custom_logo_mobile_max_height":0,"ocean_header_custom_menu":"0","ocean_menu_typo_font_family":"0","ocean_menu_typo_font_subset":"","ocean_menu_typo_font_size":0,"ocean_menu_typo_font_size_tablet":0,"ocean_menu_typo_font_size_mobile":0,"ocean_menu_typo_font_size_unit":"px","ocean_menu_typo_font_weight":"","ocean_menu_typo_font_weight_tablet":"","ocean_menu_typo_font_weight_mobile":"","ocean_menu_typo_transform":"","ocean_menu_typo_transform_tablet":"","ocean_menu_typo_transform_mobile":"","ocean_menu_typo_line_height":0,"ocean_menu_typo_line_height_tablet":0,"ocean_menu_typo_line_height_mobile":0,"ocean_menu_typo_line_height_unit":"","ocean_menu_typo_spacing":0,"ocean_menu_typo_spacing_tablet":0,"ocean_menu_typo_spacing_mobile":0,"ocean_menu_typo_spacing_unit":"","ocean_menu_link_color":"","ocean_menu_link_color_hover":"","ocean_menu_link_color_active":"","ocean_menu_link_background":"","ocean_menu_link_hover_background":"","ocean_menu_link_active_background":"","ocean_menu_social_links_bg":"","ocean_menu_social_hover_links_bg":"","ocean_menu_social_links_color":"","ocean_menu_social_hover_links_color":"","ocean_disable_title":"default","ocean_disable_heading":"default","ocean_post_title":"Confinement #2 - Plats traiteur \u00e0 emporter d\u00e9cembre","ocean_post_subheading":"","ocean_post_title_style":"background-image","ocean_post_title_background_color":"","ocean_post_title_background":1006,"ocean_post_title_bg_image_position":"","ocean_post_title_bg_image_attachment":"","ocean_post_title_bg_image_repeat":"","ocean_post_title_bg_image_size":"","ocean_post_title_height":0,"ocean_post_title_bg_overlay":0.5,"ocean_post_title_bg_overlay_color":"","ocean_disable_breadcrumbs":"default","ocean_breadcrumbs_color":"","ocean_breadcrumbs_separator_color":"","ocean_breadcrumbs_links_color":"","ocean_breadcrumbs_links_hover_color":"","ocean_display_footer_widgets":"default","ocean_display_footer_bottom":"default","ocean_custom_footer_template":"0","ocean_post_oembed":"","ocean_post_self_hosted_media":"","ocean_post_video_embed":"","ocean_link_format":"","ocean_link_format_target":"self","ocean_quote_format":"","ocean_quote_format_link":"post","ocean_gallery_link_images":"off","ocean_gallery_id":[],"footnotes":""},"categories":[5],"tags":[],"class_list":["post-1106","post","type-post","status-publish","format-standard","has-post-thumbnail","hentry","category-micro-restaurant","entry","has-media"],"yoast_head":"<!-- This site is optimized with the Yoast SEO plugin v27.2 - https:\/\/yoast.com\/product\/yoast-seo-wordpress\/ -->\n<title>Confinement #2 - Plats traiteur \u00e0 emporter en d\u00e9cembre - Aub\u00e9pine<\/title>\n<meta name=\"robots\" content=\"index, follow, max-snippet:-1, max-image-preview:large, max-video-preview:-1\" \/>\n<link rel=\"canonical\" href=\"https:\/\/www.maison-aubepine.fr\/index.php\/2020\/12\/06\/confinement-2-plats-traiteur-a-emporter-en-decembre\/\" \/>\n<meta property=\"og:locale\" content=\"fr_FR\" \/>\n<meta property=\"og:type\" content=\"article\" \/>\n<meta property=\"og:title\" content=\"Confinement #2 - Plats traiteur \u00e0 emporter en d\u00e9cembre - Aub\u00e9pine\" \/>\n<meta property=\"og:description\" content=\"Nous continuons en d\u00e9cembre \u00e0 vous proposer notre menu week-end \u00e0 emporter. On garde les m\u00eames habitudes, du local, du bio, des produits fermiers et vous pouvez m\u00eame venir avec vos contenants pour limiter les d\u00e9chets ! Vendredi 11 et samedi 12 d\u00e9cembre &#8211; Menu Street Food \/\/ Menu 20\u20ac Houmous de potiron, blinis \/\/ [&hellip;]\" \/>\n<meta property=\"og:url\" content=\"https:\/\/www.maison-aubepine.fr\/index.php\/2020\/12\/06\/confinement-2-plats-traiteur-a-emporter-en-decembre\/\" \/>\n<meta property=\"og:site_name\" content=\"Aub\u00e9pine\" \/>\n<meta property=\"article:publisher\" content=\"https:\/\/www.facebook.com\/maisonaubepine\/\" \/>\n<meta property=\"article:published_time\" content=\"2020-12-06T14:13:23+00:00\" \/>\n<meta property=\"article:modified_time\" content=\"2020-12-06T14:21:43+00:00\" \/>\n<meta property=\"og:image\" content=\"https:\/\/www.maison-aubepine.fr\/wp-content\/uploads\/2020\/09\/MaisonAubepine20200821-63.jpg\" \/>\n\t<meta property=\"og:image:width\" content=\"1024\" \/>\n\t<meta property=\"og:image:height\" content=\"683\" \/>\n\t<meta property=\"og:image:type\" content=\"image\/jpeg\" \/>\n<meta name=\"author\" content=\"Aubepine\" \/>\n<meta name=\"twitter:card\" content=\"summary_large_image\" \/>\n<meta name=\"twitter:label1\" content=\"\u00c9crit par\" \/>\n\t<meta name=\"twitter:data1\" content=\"Aubepine\" \/>\n\t<meta name=\"twitter:label2\" content=\"Dur\u00e9e de lecture estim\u00e9e\" \/>\n\t<meta name=\"twitter:data2\" content=\"1 minute\" \/>\n<script type=\"application\/ld+json\" class=\"yoast-schema-graph\">{\"@context\":\"https:\/\/schema.org\",\"@graph\":[{\"@type\":\"Article\",\"@id\":\"https:\/\/www.maison-aubepine.fr\/index.php\/2020\/12\/06\/confinement-2-plats-traiteur-a-emporter-en-decembre\/#article\",\"isPartOf\":{\"@id\":\"https:\/\/www.maison-aubepine.fr\/index.php\/2020\/12\/06\/confinement-2-plats-traiteur-a-emporter-en-decembre\/\"},\"author\":{\"name\":\"Aubepine\",\"@id\":\"https:\/\/www.maison-aubepine.fr\/#\/schema\/person\/504fc5e904cc44c37a195316f299dedf\"},\"headline\":\"Confinement #2 &#8211; Plats traiteur \u00e0 emporter en d\u00e9cembre\",\"datePublished\":\"2020-12-06T14:13:23+00:00\",\"dateModified\":\"2020-12-06T14:21:43+00:00\",\"mainEntityOfPage\":{\"@id\":\"https:\/\/www.maison-aubepine.fr\/index.php\/2020\/12\/06\/confinement-2-plats-traiteur-a-emporter-en-decembre\/\"},\"wordCount\":209,\"publisher\":{\"@id\":\"https:\/\/www.maison-aubepine.fr\/#organization\"},\"image\":{\"@id\":\"https:\/\/www.maison-aubepine.fr\/index.php\/2020\/12\/06\/confinement-2-plats-traiteur-a-emporter-en-decembre\/#primaryimage\"},\"thumbnailUrl\":\"https:\/\/www.maison-aubepine.fr\/wp-content\/uploads\/2020\/09\/MaisonAubepine20200821-63.jpg\",\"articleSection\":[\"Micro-restaurant\"],\"inLanguage\":\"fr-FR\"},{\"@type\":\"WebPage\",\"@id\":\"https:\/\/www.maison-aubepine.fr\/index.php\/2020\/12\/06\/confinement-2-plats-traiteur-a-emporter-en-decembre\/\",\"url\":\"https:\/\/www.maison-aubepine.fr\/index.php\/2020\/12\/06\/confinement-2-plats-traiteur-a-emporter-en-decembre\/\",\"name\":\"Confinement #2 - Plats traiteur \u00e0 emporter en d\u00e9cembre - Aub\u00e9pine\",\"isPartOf\":{\"@id\":\"https:\/\/www.maison-aubepine.fr\/#website\"},\"primaryImageOfPage\":{\"@id\":\"https:\/\/www.maison-aubepine.fr\/index.php\/2020\/12\/06\/confinement-2-plats-traiteur-a-emporter-en-decembre\/#primaryimage\"},\"image\":{\"@id\":\"https:\/\/www.maison-aubepine.fr\/index.php\/2020\/12\/06\/confinement-2-plats-traiteur-a-emporter-en-decembre\/#primaryimage\"},\"thumbnailUrl\":\"https:\/\/www.maison-aubepine.fr\/wp-content\/uploads\/2020\/09\/MaisonAubepine20200821-63.jpg\",\"datePublished\":\"2020-12-06T14:13:23+00:00\",\"dateModified\":\"2020-12-06T14:21:43+00:00\",\"breadcrumb\":{\"@id\":\"https:\/\/www.maison-aubepine.fr\/index.php\/2020\/12\/06\/confinement-2-plats-traiteur-a-emporter-en-decembre\/#breadcrumb\"},\"inLanguage\":\"fr-FR\",\"potentialAction\":[{\"@type\":\"ReadAction\",\"target\":[\"https:\/\/www.maison-aubepine.fr\/index.php\/2020\/12\/06\/confinement-2-plats-traiteur-a-emporter-en-decembre\/\"]}]},{\"@type\":\"ImageObject\",\"inLanguage\":\"fr-FR\",\"@id\":\"https:\/\/www.maison-aubepine.fr\/index.php\/2020\/12\/06\/confinement-2-plats-traiteur-a-emporter-en-decembre\/#primaryimage\",\"url\":\"https:\/\/www.maison-aubepine.fr\/wp-content\/uploads\/2020\/09\/MaisonAubepine20200821-63.jpg\",\"contentUrl\":\"https:\/\/www.maison-aubepine.fr\/wp-content\/uploads\/2020\/09\/MaisonAubepine20200821-63.jpg\",\"width\":1024,\"height\":683},{\"@type\":\"BreadcrumbList\",\"@id\":\"https:\/\/www.maison-aubepine.fr\/index.php\/2020\/12\/06\/confinement-2-plats-traiteur-a-emporter-en-decembre\/#breadcrumb\",\"itemListElement\":[{\"@type\":\"ListItem\",\"position\":1,\"name\":\"Accueil\",\"item\":\"https:\/\/www.maison-aubepine.fr\/\"},{\"@type\":\"ListItem\",\"position\":2,\"name\":\"Confinement #2 &#8211; Plats traiteur \u00e0 emporter en d\u00e9cembre\"}]},{\"@type\":\"WebSite\",\"@id\":\"https:\/\/www.maison-aubepine.fr\/#website\",\"url\":\"https:\/\/www.maison-aubepine.fr\/\",\"name\":\"Aub\u00e9pine - Maison d'h\u00f4tes et Micro-restaurant\",\"description\":\"Maison h\u00f4tes | Sains du Nord\",\"publisher\":{\"@id\":\"https:\/\/www.maison-aubepine.fr\/#organization\"},\"potentialAction\":[{\"@type\":\"SearchAction\",\"target\":{\"@type\":\"EntryPoint\",\"urlTemplate\":\"https:\/\/www.maison-aubepine.fr\/?s={search_term_string}\"},\"query-input\":{\"@type\":\"PropertyValueSpecification\",\"valueRequired\":true,\"valueName\":\"search_term_string\"}}],\"inLanguage\":\"fr-FR\"},{\"@type\":\"Organization\",\"@id\":\"https:\/\/www.maison-aubepine.fr\/#organization\",\"name\":\"Aub\u00e9pine\",\"url\":\"https:\/\/www.maison-aubepine.fr\/\",\"logo\":{\"@type\":\"ImageObject\",\"inLanguage\":\"fr-FR\",\"@id\":\"https:\/\/www.maison-aubepine.fr\/#\/schema\/logo\/image\/\",\"url\":\"https:\/\/www.maison-aubepine.fr\/wp-content\/uploads\/2020\/01\/LIVRAISON-CARTE-DE-VISITE-ss-marge-02.jpg\",\"contentUrl\":\"https:\/\/www.maison-aubepine.fr\/wp-content\/uploads\/2020\/01\/LIVRAISON-CARTE-DE-VISITE-ss-marge-02.jpg\",\"width\":1004,\"height\":650,\"caption\":\"Aub\u00e9pine\"},\"image\":{\"@id\":\"https:\/\/www.maison-aubepine.fr\/#\/schema\/logo\/image\/\"},\"sameAs\":[\"https:\/\/www.facebook.com\/maisonaubepine\/\",\"https:\/\/www.instagram.com\/maison_aubepine\/\",\"https:\/\/fr.linkedin.com\/in\/simon-thieffry\"]},{\"@type\":\"Person\",\"@id\":\"https:\/\/www.maison-aubepine.fr\/#\/schema\/person\/504fc5e904cc44c37a195316f299dedf\",\"name\":\"Aubepine\",\"image\":{\"@type\":\"ImageObject\",\"inLanguage\":\"fr-FR\",\"@id\":\"https:\/\/secure.gravatar.com\/avatar\/c304cd28c92399e0891a309c1a947bfe2e7008e39a92acc113594d39223568fb?s=96&d=mm&r=g\",\"url\":\"https:\/\/secure.gravatar.com\/avatar\/c304cd28c92399e0891a309c1a947bfe2e7008e39a92acc113594d39223568fb?s=96&d=mm&r=g\",\"contentUrl\":\"https:\/\/secure.gravatar.com\/avatar\/c304cd28c92399e0891a309c1a947bfe2e7008e39a92acc113594d39223568fb?s=96&d=mm&r=g\",\"caption\":\"Aubepine\"}}]}<\/script>\n<!-- \/ Yoast SEO plugin. -->","yoast_head_json":{"title":"Confinement #2 - Plats traiteur \u00e0 emporter en d\u00e9cembre - Aub\u00e9pine","robots":{"index":"index","follow":"follow","max-snippet":"max-snippet:-1","max-image-preview":"max-image-preview:large","max-video-preview":"max-video-preview:-1"},"canonical":"https:\/\/www.maison-aubepine.fr\/index.php\/2020\/12\/06\/confinement-2-plats-traiteur-a-emporter-en-decembre\/","og_locale":"fr_FR","og_type":"article","og_title":"Confinement #2 - Plats traiteur \u00e0 emporter en d\u00e9cembre - Aub\u00e9pine","og_description":"Nous continuons en d\u00e9cembre \u00e0 vous proposer notre menu week-end \u00e0 emporter. On garde les m\u00eames habitudes, du local, du bio, des produits fermiers et vous pouvez m\u00eame venir avec vos contenants pour limiter les d\u00e9chets ! Vendredi 11 et samedi 12 d\u00e9cembre &#8211; Menu Street Food \/\/ Menu 20\u20ac Houmous de potiron, blinis \/\/ [&hellip;]","og_url":"https:\/\/www.maison-aubepine.fr\/index.php\/2020\/12\/06\/confinement-2-plats-traiteur-a-emporter-en-decembre\/","og_site_name":"Aub\u00e9pine","article_publisher":"https:\/\/www.facebook.com\/maisonaubepine\/","article_published_time":"2020-12-06T14:13:23+00:00","article_modified_time":"2020-12-06T14:21:43+00:00","og_image":[{"width":1024,"height":683,"url":"https:\/\/www.maison-aubepine.fr\/wp-content\/uploads\/2020\/09\/MaisonAubepine20200821-63.jpg","type":"image\/jpeg"}],"author":"Aubepine","twitter_card":"summary_large_image","twitter_misc":{"\u00c9crit par":"Aubepine","Dur\u00e9e de lecture estim\u00e9e":"1 minute"},"schema":{"@context":"https:\/\/schema.org","@graph":[{"@type":"Article","@id":"https:\/\/www.maison-aubepine.fr\/index.php\/2020\/12\/06\/confinement-2-plats-traiteur-a-emporter-en-decembre\/#article","isPartOf":{"@id":"https:\/\/www.maison-aubepine.fr\/index.php\/2020\/12\/06\/confinement-2-plats-traiteur-a-emporter-en-decembre\/"},"author":{"name":"Aubepine","@id":"https:\/\/www.maison-aubepine.fr\/#\/schema\/person\/504fc5e904cc44c37a195316f299dedf"},"headline":"Confinement #2 &#8211; Plats traiteur \u00e0 emporter en d\u00e9cembre","datePublished":"2020-12-06T14:13:23+00:00","dateModified":"2020-12-06T14:21:43+00:00","mainEntityOfPage":{"@id":"https:\/\/www.maison-aubepine.fr\/index.php\/2020\/12\/06\/confinement-2-plats-traiteur-a-emporter-en-decembre\/"},"wordCount":209,"publisher":{"@id":"https:\/\/www.maison-aubepine.fr\/#organization"},"image":{"@id":"https:\/\/www.maison-aubepine.fr\/index.php\/2020\/12\/06\/confinement-2-plats-traiteur-a-emporter-en-decembre\/#primaryimage"},"thumbnailUrl":"https:\/\/www.maison-aubepine.fr\/wp-content\/uploads\/2020\/09\/MaisonAubepine20200821-63.jpg","articleSection":["Micro-restaurant"],"inLanguage":"fr-FR"},{"@type":"WebPage","@id":"https:\/\/www.maison-aubepine.fr\/index.php\/2020\/12\/06\/confinement-2-plats-traiteur-a-emporter-en-decembre\/","url":"https:\/\/www.maison-aubepine.fr\/index.php\/2020\/12\/06\/confinement-2-plats-traiteur-a-emporter-en-decembre\/","name":"Confinement #2 - Plats traiteur \u00e0 emporter en d\u00e9cembre - Aub\u00e9pine","isPartOf":{"@id":"https:\/\/www.maison-aubepine.fr\/#website"},"primaryImageOfPage":{"@id":"https:\/\/www.maison-aubepine.fr\/index.php\/2020\/12\/06\/confinement-2-plats-traiteur-a-emporter-en-decembre\/#primaryimage"},"image":{"@id":"https:\/\/www.maison-aubepine.fr\/index.php\/2020\/12\/06\/confinement-2-plats-traiteur-a-emporter-en-decembre\/#primaryimage"},"thumbnailUrl":"https:\/\/www.maison-aubepine.fr\/wp-content\/uploads\/2020\/09\/MaisonAubepine20200821-63.jpg","datePublished":"2020-12-06T14:13:23+00:00","dateModified":"2020-12-06T14:21:43+00:00","breadcrumb":{"@id":"https:\/\/www.maison-aubepine.fr\/index.php\/2020\/12\/06\/confinement-2-plats-traiteur-a-emporter-en-decembre\/#breadcrumb"},"inLanguage":"fr-FR","potentialAction":[{"@type":"ReadAction","target":["https:\/\/www.maison-aubepine.fr\/index.php\/2020\/12\/06\/confinement-2-plats-traiteur-a-emporter-en-decembre\/"]}]},{"@type":"ImageObject","inLanguage":"fr-FR","@id":"https:\/\/www.maison-aubepine.fr\/index.php\/2020\/12\/06\/confinement-2-plats-traiteur-a-emporter-en-decembre\/#primaryimage","url":"https:\/\/www.maison-aubepine.fr\/wp-content\/uploads\/2020\/09\/MaisonAubepine20200821-63.jpg","contentUrl":"https:\/\/www.maison-aubepine.fr\/wp-content\/uploads\/2020\/09\/MaisonAubepine20200821-63.jpg","width":1024,"height":683},{"@type":"BreadcrumbList","@id":"https:\/\/www.maison-aubepine.fr\/index.php\/2020\/12\/06\/confinement-2-plats-traiteur-a-emporter-en-decembre\/#breadcrumb","itemListElement":[{"@type":"ListItem","position":1,"name":"Accueil","item":"https:\/\/www.maison-aubepine.fr\/"},{"@type":"ListItem","position":2,"name":"Confinement #2 &#8211; Plats traiteur \u00e0 emporter en d\u00e9cembre"}]},{"@type":"WebSite","@id":"https:\/\/www.maison-aubepine.fr\/#website","url":"https:\/\/www.maison-aubepine.fr\/","name":"Aub\u00e9pine - Maison d'h\u00f4tes et Micro-restaurant","description":"Maison h\u00f4tes | Sains du Nord","publisher":{"@id":"https:\/\/www.maison-aubepine.fr\/#organization"},"potentialAction":[{"@type":"SearchAction","target":{"@type":"EntryPoint","urlTemplate":"https:\/\/www.maison-aubepine.fr\/?s={search_term_string}"},"query-input":{"@type":"PropertyValueSpecification","valueRequired":true,"valueName":"search_term_string"}}],"inLanguage":"fr-FR"},{"@type":"Organization","@id":"https:\/\/www.maison-aubepine.fr\/#organization","name":"Aub\u00e9pine","url":"https:\/\/www.maison-aubepine.fr\/","logo":{"@type":"ImageObject","inLanguage":"fr-FR","@id":"https:\/\/www.maison-aubepine.fr\/#\/schema\/logo\/image\/","url":"https:\/\/www.maison-aubepine.fr\/wp-content\/uploads\/2020\/01\/LIVRAISON-CARTE-DE-VISITE-ss-marge-02.jpg","contentUrl":"https:\/\/www.maison-aubepine.fr\/wp-content\/uploads\/2020\/01\/LIVRAISON-CARTE-DE-VISITE-ss-marge-02.jpg","width":1004,"height":650,"caption":"Aub\u00e9pine"},"image":{"@id":"https:\/\/www.maison-aubepine.fr\/#\/schema\/logo\/image\/"},"sameAs":["https:\/\/www.facebook.com\/maisonaubepine\/","https:\/\/www.instagram.com\/maison_aubepine\/","https:\/\/fr.linkedin.com\/in\/simon-thieffry"]},{"@type":"Person","@id":"https:\/\/www.maison-aubepine.fr\/#\/schema\/person\/504fc5e904cc44c37a195316f299dedf","name":"Aubepine","image":{"@type":"ImageObject","inLanguage":"fr-FR","@id":"https:\/\/secure.gravatar.com\/avatar\/c304cd28c92399e0891a309c1a947bfe2e7008e39a92acc113594d39223568fb?s=96&d=mm&r=g","url":"https:\/\/secure.gravatar.com\/avatar\/c304cd28c92399e0891a309c1a947bfe2e7008e39a92acc113594d39223568fb?s=96&d=mm&r=g","contentUrl":"https:\/\/secure.gravatar.com\/avatar\/c304cd28c92399e0891a309c1a947bfe2e7008e39a92acc113594d39223568fb?s=96&d=mm&r=g","caption":"Aubepine"}}]}},"_links":{"self":[{"href":"https:\/\/www.maison-aubepine.fr\/index.php\/wp-json\/wp\/v2\/posts\/1106","targetHints":{"allow":["GET"]}}],"collection":[{"href":"https:\/\/www.maison-aubepine.fr\/index.php\/wp-json\/wp\/v2\/posts"}],"about":[{"href":"https:\/\/www.maison-aubepine.fr\/index.php\/wp-json\/wp\/v2\/types\/post"}],"author":[{"embeddable":true,"href":"https:\/\/www.maison-aubepine.fr\/index.php\/wp-json\/wp\/v2\/users\/2"}],"replies":[{"embeddable":true,"href":"https:\/\/www.maison-aubepine.fr\/index.php\/wp-json\/wp\/v2\/comments?post=1106"}],"version-history":[{"count":4,"href":"https:\/\/www.maison-aubepine.fr\/index.php\/wp-json\/wp\/v2\/posts\/1106\/revisions"}],"predecessor-version":[{"id":1110,"href":"https:\/\/www.maison-aubepine.fr\/index.php\/wp-json\/wp\/v2\/posts\/1106\/revisions\/1110"}],"wp:featuredmedia":[{"embeddable":true,"href":"https:\/\/www.maison-aubepine.fr\/index.php\/wp-json\/wp\/v2\/media\/1006"}],"wp:attachment":[{"href":"https:\/\/www.maison-aubepine.fr\/index.php\/wp-json\/wp\/v2\/media?parent=1106"}],"wp:term":[{"taxonomy":"category","embeddable":true,"href":"https:\/\/www.maison-aubepine.fr\/index.php\/wp-json\/wp\/v2\/categories?post=1106"},{"taxonomy":"post_tag","embeddable":true,"href":"https:\/\/www.maison-aubepine.fr\/index.php\/wp-json\/wp\/v2\/tags?post=1106"}],"curies":[{"name":"wp","href":"https:\/\/api.w.org\/{rel}","templated":true}]}}